{"id":1037,"date":"2020-03-24T17:28:18","date_gmt":"2020-03-24T16:28:18","guid":{"rendered":"https:\/\/alecoutedelarbre.org\/?p=1037"},"modified":"2020-03-30T18:46:05","modified_gmt":"2020-03-30T16:46:05","slug":"laubepine-arbre-de-lajustement-et-du-recentrage","status":"publish","type":"post","link":"https:\/\/alecoutedelarbre.org\/index.php\/2020\/03\/24\/laubepine-arbre-de-lajustement-et-du-recentrage\/","title":{"rendered":"L&rsquo;Aub\u00e9pine arbre de l&rsquo;ajustement et du recentrage"},"content":{"rendered":"<p><b>L\u2019Arbre du mois <span class=\"Apple-converted-space\">\u00a0 \u00a0 \u00a0 \u00a0 \u00a0 \u00a0 \u00a0 \u00a0 \u00a0 \u00a0 \u00a0 \u00a0 \u00a0 \u00a0 \u00a0 \u00a0 \u00a0 \u00a0 \u00a0 \u00a0 \u00a0 \u00a0 \u00a0 \u00a0 \u00a0 \u00a0 \u00a0 \u00a0 \u00a0 \u00a0 \u00a0 \u00a0 \u00a0<\/span><\/b><\/p>\n<p><strong>L\u2019Aub\u00e9pine (Crataegus), <i>alignement et recentrage<\/i><\/strong><\/p>\n<p><img loading=\"lazy\" class=\"wp-image-1038 alignright\" src=\"https:\/\/alecoutedelarbre.org\/wp-content\/uploads\/2020\/03\/aub\u00e9pine-300x219.jpg\" alt=\"\" width=\"361\" height=\"263\" srcset=\"https:\/\/alecoutedelarbre.org\/wp-content\/uploads\/2020\/03\/aub\u00e9pine-300x219.jpg 300w, https:\/\/alecoutedelarbre.org\/wp-content\/uploads\/2020\/03\/aub\u00e9pine.jpg 450w\" sizes=\"(max-width: 361px) 100vw, 361px\" \/><\/p>\n<p><b>Ce mois-ci nous allons d\u00e9couvrir L\u2019Aub\u00e9pine qui correspond dans le calendrier celtique \u00e0 la p\u00e9riode du 21 mars au 17 avril<\/b><\/p>\n<p>C\u2019est un <b>petit arbre \u00e9pineux<\/b> appartenant \u00e0 la famille des Rosac\u00e9es, faisant de belles <b>fleurs blanches<\/b>, tr\u00e8s appr\u00e9ci\u00e9es des abeilles.<span class=\"Apple-converted-space\">\u00a0<\/span><\/p>\n<p>L\u2019aub\u00e9pine est parfois appel\u00e9e le cenellier et ses <b>petits fruits rouges<\/b>, les cenelles qui apparaissent \u00e0 la fin de l\u2019\u00e9t\u00e9 sont comestibles.<span class=\"Apple-converted-space\">\u00a0<\/span><\/p>\n<p><span class=\"Apple-converted-space\">\u00a0<\/span>Sans rentrer dans les d\u00e9tails complexes botaniques, il existe deux vari\u00e9t\u00e9s d\u2019aub\u00e9pine : l\u2019\u00e9pine blanche ou aub\u00e9pine monogyne (crataegus monogyna) dont la fleur poss\u00e8de un seule style, et l\u2019aub\u00e9pine \u00e0 deux styles (crataegus laevigata).<\/p>\n<p>L\u2019une des plus vieilles aub\u00e9pines de France se trouve \u00e0 Saint Mars sur la Futaie dans le d\u00e9partement de la Mayenne. Elle serait \u00e2g\u00e9e d\u2019un mill\u00e9naire environ et mesurerait 9 m de hauteur.<\/p>\n<p>La croissance de l\u2019arbre est tr\u00e8s lente, ce qui explique l\u2019excellente qualit\u00e9 de son bois. Le grain, particuli\u00e8rement fin, est appr\u00e9ci\u00e9 des tourneurs, bien qu\u2019il soit difficile de se procurer des pi\u00e8ces de grandes dimensions. La veine du bois est peu visible et tr\u00e8s peu color\u00e9e.<\/p>\n<p><b>Symbolique de l\u2019Aub\u00e9pine :<\/b><\/p>\n<p>Chez les Romains, la fleur blanche de l\u2019aub\u00e9pine \u00e9tait le <b>symbole de Ma\u00efa, <\/b>la <b>d\u00e9esse de la puret\u00e9,<\/b> qui a justement donn\u00e9 son nom au <b>mois de mai<\/b>.<span class=\"Apple-converted-space\">\u00a0<\/span><\/p>\n<p>Dans la tradition chr\u00e9tienne, mai est devenu le mois de Marie, symbole \u00e0 la fois de la puret\u00e9 et du renouveau de l\u2019\u00e2me qui accompagne celui de la nature.<\/p>\n<p>Gr\u00e2ce aux \u00e9pines de ses branches et \u00e0 la duret\u00e9 de son bois, l&rsquo;aub\u00e9pine <b>symbole de force et de r\u00e9sistance<\/b>, s&rsquo;est vu attribuer un pouvoir d\u00e9fensif contre les forces du mal.<\/p>\n<p>En France, les paysans du Languedoc, accrochaient une petite branche d\u2019aub\u00e9pine sous le ventre de leurs b\u0153ufs afin qu&rsquo;aucun sort ne puisse les atteindre. Les bergers du Berry et de Champagne portaient sur eux une amulette identique pour \u00e9carter les esprits malins. Le m\u00eame rameau pos\u00e9 sur le seuil de la maison remplissait une fonction identique.<\/p>\n<p>L\u2019aub\u00e9pine a largement d\u00e9bord\u00e9 le cadre de toutes les mythologies anciennes, celtes, nordiques, germaniques\u2026 pour investir l\u2019ensemble de la tradition orale fantastique. Asseyez vous au pied de cet arbuste lorsque s\u2019ouvrent les premi\u00e8res fleurs, et le v\u0153u que vous formulerez sera in\u00e9luctablement r\u00e9alis\u00e9 par le petit peuple des f\u00e9es qui r\u00e9sident sur l\u2019arbre et entre ses racines.<br \/>\n<img loading=\"lazy\" class=\"size-medium wp-image-1039 alignleft\" src=\"https:\/\/alecoutedelarbre.org\/wp-content\/uploads\/2020\/03\/aubepine-fruit1-300x300.jpg\" alt=\"\" width=\"300\" height=\"300\" srcset=\"https:\/\/alecoutedelarbre.org\/wp-content\/uploads\/2020\/03\/aubepine-fruit1-300x300.jpg 300w, https:\/\/alecoutedelarbre.org\/wp-content\/uploads\/2020\/03\/aubepine-fruit1-150x150.jpg 150w, https:\/\/alecoutedelarbre.org\/wp-content\/uploads\/2020\/03\/aubepine-fruit1.jpg 400w\" sizes=\"(max-width: 300px) 100vw, 300px\" \/><\/p>\n<p><b>L\u2019Aub\u00e9pine un arbre g\u00e9n\u00e9reux :<\/b><\/p>\n<p><b>Toute la plante a un int\u00e9r\u00eat th\u00e9rapeutique<\/b>. Les feuilles, les fleurs et les fruits renferment des flavono\u00efdes, et diff\u00e9rents acides et amines aromatiques dont il est int\u00e9ressant de tirer partie pour lutter contre la tension art\u00e9rielle et l&rsquo;insuffisance cardiaque mod\u00e9r\u00e9e.<\/p>\n<p>Son fruit astringent est riche en tanin, il est utilis\u00e9e comme anti-inflammatoire en cas de maux de gorge. L\u2019aub\u00e9pine agit \u00e9galement sur le syst\u00e8me parasympathique elle a des vertus apaisantes qui favorisent le sommeil. En infusion elle est d\u00e9licieuse, surtout les sommit\u00e9s fleuries, mais on peut aussi utiliser ses fruits.<\/p>\n<p>&nbsp;<\/p>\n<p><b><br \/>\nL\u2019Aub\u00e9pine un symbole inspirant dans notre chemin de vie :<\/b><\/p>\n<p>C\u2019est un arbre qui <b>nous invite au recentrage<\/b>, l\u2019aub\u00e9pine aide \u00e0 revenir \u00e0 soi, \u00e0 nos comp\u00e9tences, nos croyances et nos valeurs, <b>\u00e0 notre identit\u00e9 profonde.<\/b><\/p>\n<p>L\u2019aub\u00e9pine aide \u00e0 rester pr\u00e9sent \u00e0 soi-m\u00eame, notamment quand l\u2019environnement devient trop \u00ab\u00a0d\u00e9centrant\u00a0\u00bb ou source de conflits int\u00e9rieurs.<\/p>\n<p>Elle est tr\u00e8s inspirante lorsqu\u2019il s\u2019agit de prendre une d\u00e9cision importante, car la d\u00e9cision ne sera pas prise en fonction des dictats ext\u00e9rieurs (l\u2019environnement).<\/p>\n<p>Son \u00e9nergie nous aide \u00e0 nous recentrer au plus profond de nous-m\u00eames, dans notre c\u0153ur. Elle nous appelle \u00e0 transcender nos dualit\u00e9s pour <b>retrouver la dimension de l<\/b>\u2019<b>amour et de la paix.<\/b><\/p>\n<p>Ce qui est particuli\u00e8rement aidant en ce moment\u2026.<\/p>\n","protected":false},"excerpt":{"rendered":"<p>L\u2019Arbre du mois \u00a0 \u00a0 \u00a0 \u00a0 \u00a0 \u00a0 \u00a0 \u00a0 \u00a0 \u00a0 \u00a0 \u00a0 \u00a0 \u00a0 \u00a0 \u00a0 \u00a0 \u00a0 \u00a0 \u00a0 \u00a0 \u00a0 \u00a0 \u00a0 \u00a0 \u00a0 \u00a0 \u00a0 \u00a0 \u00a0 \u00a0 \u00a0 \u00a0 L\u2019Aub\u00e9pine (Crataegus), alignement et recentrage Ce mois-ci nous allons d\u00e9couvrir L\u2019Aub\u00e9pine qui correspond dans le calendrier celtique \u00e0 la &hellip;<\/p>\n","protected":false},"author":1,"featured_media":1045,"comment_status":"open","ping_status":"open","sticky":false,"template":"","format":"standard","meta":{"spay_email":""},"categories":[72],"tags":[40,92,93],"yoast_head":"<!-- This site is optimized with the Yoast SEO plugin v19.13 - https:\/\/yoast.com\/wordpress\/plugins\/seo\/ -->\n<title>L&#039;Aub\u00e9pine arbre de l&#039;ajustement et du recentrage - A l&#039;\u00e9coute de l&#039;Arbre<\/title>\n<meta name=\"robots\" content=\"index, follow, max-snippet:-1, max-image-preview:large, max-video-preview:-1\" \/>\n<link rel=\"canonical\" href=\"https:\/\/alecoutedelarbre.org\/index.php\/2020\/03\/24\/laubepine-arbre-de-lajustement-et-du-recentrage\/\" \/>\n<meta property=\"og:locale\" content=\"fr_FR\" \/>\n<meta property=\"og:type\" content=\"article\" \/>\n<meta property=\"og:title\" content=\"L&#039;Aub\u00e9pine arbre de l&#039;ajustement et du recentrage - A l&#039;\u00e9coute de l&#039;Arbre\" \/>\n<meta property=\"og:description\" content=\"L\u2019Arbre du mois \u00a0 \u00a0 \u00a0 \u00a0 \u00a0 \u00a0 \u00a0 \u00a0 \u00a0 \u00a0 \u00a0 \u00a0 \u00a0 \u00a0 \u00a0 \u00a0 \u00a0 \u00a0 \u00a0 \u00a0 \u00a0 \u00a0 \u00a0 \u00a0 \u00a0 \u00a0 \u00a0 \u00a0 \u00a0 \u00a0 \u00a0 \u00a0 \u00a0 L\u2019Aub\u00e9pine (Crataegus), alignement et recentrage Ce mois-ci nous allons d\u00e9couvrir L\u2019Aub\u00e9pine qui correspond dans le calendrier celtique \u00e0 la &hellip;\" \/>\n<meta property=\"og:url\" content=\"https:\/\/alecoutedelarbre.org\/index.php\/2020\/03\/24\/laubepine-arbre-de-lajustement-et-du-recentrage\/\" \/>\n<meta property=\"og:site_name\" content=\"A l&#039;\u00e9coute de l&#039;Arbre\" \/>\n<meta property=\"article:published_time\" content=\"2020-03-24T16:28:18+00:00\" \/>\n<meta property=\"article:modified_time\" content=\"2020-03-30T16:46:05+00:00\" \/>\n<meta property=\"og:image\" content=\"https:\/\/alecoutedelarbre.org\/wp-content\/uploads\/2020\/03\/plante-de-montagne-aubepine-tisane.jpg\" \/>\n\t<meta property=\"og:image:width\" content=\"1170\" \/>\n\t<meta property=\"og:image:height\" content=\"775\" \/>\n\t<meta property=\"og:image:type\" content=\"image\/jpeg\" \/>\n<meta name=\"author\" content=\"Florence\" \/>\n<meta name=\"twitter:card\" content=\"summary_large_image\" \/>\n<meta name=\"twitter:label1\" content=\"\u00c9crit par\" \/>\n\t<meta name=\"twitter:data1\" content=\"Florence\" \/>\n\t<meta name=\"twitter:label2\" content=\"Dur\u00e9e de lecture estim\u00e9e\" \/>\n\t<meta name=\"twitter:data2\" content=\"3 minutes\" \/>\n<script type=\"application\/ld+json\" class=\"yoast-schema-graph\">{\"@context\":\"https:\/\/schema.org\",\"@graph\":[{\"@type\":\"WebPage\",\"@id\":\"https:\/\/alecoutedelarbre.org\/index.php\/2020\/03\/24\/laubepine-arbre-de-lajustement-et-du-recentrage\/\",\"url\":\"https:\/\/alecoutedelarbre.org\/index.php\/2020\/03\/24\/laubepine-arbre-de-lajustement-et-du-recentrage\/\",\"name\":\"L'Aub\u00e9pine arbre de l'ajustement et du recentrage - A l&#039;\u00e9coute de l&#039;Arbre\",\"isPartOf\":{\"@id\":\"https:\/\/alecoutedelarbre.org\/#website\"},\"datePublished\":\"2020-03-24T16:28:18+00:00\",\"dateModified\":\"2020-03-30T16:46:05+00:00\",\"author\":{\"@id\":\"https:\/\/alecoutedelarbre.org\/#\/schema\/person\/c98b710692d6fd9946d6b44403f3ffa9\"},\"breadcrumb\":{\"@id\":\"https:\/\/alecoutedelarbre.org\/index.php\/2020\/03\/24\/laubepine-arbre-de-lajustement-et-du-recentrage\/#breadcrumb\"},\"inLanguage\":\"fr-FR\",\"potentialAction\":[{\"@type\":\"ReadAction\",\"target\":[\"https:\/\/alecoutedelarbre.org\/index.php\/2020\/03\/24\/laubepine-arbre-de-lajustement-et-du-recentrage\/\"]}]},{\"@type\":\"BreadcrumbList\",\"@id\":\"https:\/\/alecoutedelarbre.org\/index.php\/2020\/03\/24\/laubepine-arbre-de-lajustement-et-du-recentrage\/#breadcrumb\",\"itemListElement\":[{\"@type\":\"ListItem\",\"position\":1,\"name\":\"Accueil\",\"item\":\"https:\/\/alecoutedelarbre.org\/\"},{\"@type\":\"ListItem\",\"position\":2,\"name\":\"L&rsquo;Aub\u00e9pine arbre de l&rsquo;ajustement et du recentrage\"}]},{\"@type\":\"WebSite\",\"@id\":\"https:\/\/alecoutedelarbre.org\/#website\",\"url\":\"https:\/\/alecoutedelarbre.org\/\",\"name\":\"A l&#039;\u00e9coute de l&#039;Arbre\",\"description\":\"Prendre un temps pour soi en prenant un Bain de For\u00eat\",\"potentialAction\":[{\"@type\":\"SearchAction\",\"target\":{\"@type\":\"EntryPoint\",\"urlTemplate\":\"https:\/\/alecoutedelarbre.org\/?s={search_term_string}\"},\"query-input\":\"required name=search_term_string\"}],\"inLanguage\":\"fr-FR\"},{\"@type\":\"Person\",\"@id\":\"https:\/\/alecoutedelarbre.org\/#\/schema\/person\/c98b710692d6fd9946d6b44403f3ffa9\",\"name\":\"Florence\",\"image\":{\"@type\":\"ImageObject\",\"inLanguage\":\"fr-FR\",\"@id\":\"https:\/\/alecoutedelarbre.org\/#\/schema\/person\/image\/\",\"url\":\"https:\/\/secure.gravatar.com\/avatar\/c6738a24fdecd5be941d792fdd2de1ef?s=96&d=mm&r=g\",\"contentUrl\":\"https:\/\/secure.gravatar.com\/avatar\/c6738a24fdecd5be941d792fdd2de1ef?s=96&d=mm&r=g\",\"caption\":\"Florence\"},\"url\":\"https:\/\/alecoutedelarbre.org\/index.php\/author\/admin7686\/\"}]}<\/script>\n<!-- \/ Yoast SEO plugin. -->","yoast_head_json":{"title":"L'Aub\u00e9pine arbre de l'ajustement et du recentrage - A l&#039;\u00e9coute de l&#039;Arbre","robots":{"index":"index","follow":"follow","max-snippet":"max-snippet:-1","max-image-preview":"max-image-preview:large","max-video-preview":"max-video-preview:-1"},"canonical":"https:\/\/alecoutedelarbre.org\/index.php\/2020\/03\/24\/laubepine-arbre-de-lajustement-et-du-recentrage\/","og_locale":"fr_FR","og_type":"article","og_title":"L'Aub\u00e9pine arbre de l'ajustement et du recentrage - A l&#039;\u00e9coute de l&#039;Arbre","og_description":"L\u2019Arbre du mois \u00a0 \u00a0 \u00a0 \u00a0 \u00a0 \u00a0 \u00a0 \u00a0 \u00a0 \u00a0 \u00a0 \u00a0 \u00a0 \u00a0 \u00a0 \u00a0 \u00a0 \u00a0 \u00a0 \u00a0 \u00a0 \u00a0 \u00a0 \u00a0 \u00a0 \u00a0 \u00a0 \u00a0 \u00a0 \u00a0 \u00a0 \u00a0 \u00a0 L\u2019Aub\u00e9pine (Crataegus), alignement et recentrage Ce mois-ci nous allons d\u00e9couvrir L\u2019Aub\u00e9pine qui correspond dans le calendrier celtique \u00e0 la &hellip;","og_url":"https:\/\/alecoutedelarbre.org\/index.php\/2020\/03\/24\/laubepine-arbre-de-lajustement-et-du-recentrage\/","og_site_name":"A l&#039;\u00e9coute de l&#039;Arbre","article_published_time":"2020-03-24T16:28:18+00:00","article_modified_time":"2020-03-30T16:46:05+00:00","og_image":[{"width":1170,"height":775,"url":"https:\/\/alecoutedelarbre.org\/wp-content\/uploads\/2020\/03\/plante-de-montagne-aubepine-tisane.jpg","type":"image\/jpeg"}],"author":"Florence","twitter_card":"summary_large_image","twitter_misc":{"\u00c9crit par":"Florence","Dur\u00e9e de lecture estim\u00e9e":"3 minutes"},"schema":{"@context":"https:\/\/schema.org","@graph":[{"@type":"WebPage","@id":"https:\/\/alecoutedelarbre.org\/index.php\/2020\/03\/24\/laubepine-arbre-de-lajustement-et-du-recentrage\/","url":"https:\/\/alecoutedelarbre.org\/index.php\/2020\/03\/24\/laubepine-arbre-de-lajustement-et-du-recentrage\/","name":"L'Aub\u00e9pine arbre de l'ajustement et du recentrage - A l&#039;\u00e9coute de l&#039;Arbre","isPartOf":{"@id":"https:\/\/alecoutedelarbre.org\/#website"},"datePublished":"2020-03-24T16:28:18+00:00","dateModified":"2020-03-30T16:46:05+00:00","author":{"@id":"https:\/\/alecoutedelarbre.org\/#\/schema\/person\/c98b710692d6fd9946d6b44403f3ffa9"},"breadcrumb":{"@id":"https:\/\/alecoutedelarbre.org\/index.php\/2020\/03\/24\/laubepine-arbre-de-lajustement-et-du-recentrage\/#breadcrumb"},"inLanguage":"fr-FR","potentialAction":[{"@type":"ReadAction","target":["https:\/\/alecoutedelarbre.org\/index.php\/2020\/03\/24\/laubepine-arbre-de-lajustement-et-du-recentrage\/"]}]},{"@type":"BreadcrumbList","@id":"https:\/\/alecoutedelarbre.org\/index.php\/2020\/03\/24\/laubepine-arbre-de-lajustement-et-du-recentrage\/#breadcrumb","itemListElement":[{"@type":"ListItem","position":1,"name":"Accueil","item":"https:\/\/alecoutedelarbre.org\/"},{"@type":"ListItem","position":2,"name":"L&rsquo;Aub\u00e9pine arbre de l&rsquo;ajustement et du recentrage"}]},{"@type":"WebSite","@id":"https:\/\/alecoutedelarbre.org\/#website","url":"https:\/\/alecoutedelarbre.org\/","name":"A l&#039;\u00e9coute de l&#039;Arbre","description":"Prendre un temps pour soi en prenant un Bain de For\u00eat","potentialAction":[{"@type":"SearchAction","target":{"@type":"EntryPoint","urlTemplate":"https:\/\/alecoutedelarbre.org\/?s={search_term_string}"},"query-input":"required name=search_term_string"}],"inLanguage":"fr-FR"},{"@type":"Person","@id":"https:\/\/alecoutedelarbre.org\/#\/schema\/person\/c98b710692d6fd9946d6b44403f3ffa9","name":"Florence","image":{"@type":"ImageObject","inLanguage":"fr-FR","@id":"https:\/\/alecoutedelarbre.org\/#\/schema\/person\/image\/","url":"https:\/\/secure.gravatar.com\/avatar\/c6738a24fdecd5be941d792fdd2de1ef?s=96&d=mm&r=g","contentUrl":"https:\/\/secure.gravatar.com\/avatar\/c6738a24fdecd5be941d792fdd2de1ef?s=96&d=mm&r=g","caption":"Florence"},"url":"https:\/\/alecoutedelarbre.org\/index.php\/author\/admin7686\/"}]}},"jetpack_featured_media_url":"https:\/\/alecoutedelarbre.org\/wp-content\/uploads\/2020\/03\/plante-de-montagne-aubepine-tisane.jpg","_links":{"self":[{"href":"https:\/\/alecoutedelarbre.org\/index.php\/wp-json\/wp\/v2\/posts\/1037"}],"collection":[{"href":"https:\/\/alecoutedelarbre.org\/index.php\/wp-json\/wp\/v2\/posts"}],"about":[{"href":"https:\/\/alecoutedelarbre.org\/index.php\/wp-json\/wp\/v2\/types\/post"}],"author":[{"embeddable":true,"href":"https:\/\/alecoutedelarbre.org\/index.php\/wp-json\/wp\/v2\/users\/1"}],"replies":[{"embeddable":true,"href":"https:\/\/alecoutedelarbre.org\/index.php\/wp-json\/wp\/v2\/comments?post=1037"}],"version-history":[{"count":4,"href":"https:\/\/alecoutedelarbre.org\/index.php\/wp-json\/wp\/v2\/posts\/1037\/revisions"}],"predecessor-version":[{"id":1046,"href":"https:\/\/alecoutedelarbre.org\/index.php\/wp-json\/wp\/v2\/posts\/1037\/revisions\/1046"}],"wp:featuredmedia":[{"embeddable":true,"href":"https:\/\/alecoutedelarbre.org\/index.php\/wp-json\/wp\/v2\/media\/1045"}],"wp:attachment":[{"href":"https:\/\/alecoutedelarbre.org\/index.php\/wp-json\/wp\/v2\/media?parent=1037"}],"wp:term":[{"taxonomy":"category","embeddable":true,"href":"https:\/\/alecoutedelarbre.org\/index.php\/wp-json\/wp\/v2\/categories?post=1037"},{"taxonomy":"post_tag","embeddable":true,"href":"https:\/\/alecoutedelarbre.org\/index.php\/wp-json\/wp\/v2\/tags?post=1037"}],"curies":[{"name":"wp","href":"https:\/\/api.w.org\/{rel}","templated":true}]}}